{"id":784,"date":"2017-12-03T13:58:32","date_gmt":"2017-12-03T13:58:32","guid":{"rendered":"http:\/\/www.aikido-zentrum-essen.de\/?p=784"},"modified":"2017-12-03T13:58:32","modified_gmt":"2017-12-03T13:58:32","slug":"wochenendlehrgang-mit-karsten-am-20-21-januar-2018","status":"publish","type":"post","link":"https:\/\/www.aikido-zentrum-essen.de\/?p=784","title":{"rendered":"Wochenendlehrgang mit Karsten am 20.\/21. Januar 2018"},"content":{"rendered":"<p>Am 20. und 21. Januar 2018 findet im Aikido-Zentrum Essen\/Wuppertal ein Lehrgang mit Karsten statt.<\/p>\n<p><strong>Samstag, 20<\/strong><strong>. Januar 2018<\/strong><br \/>\n12:00 bis 14:00 Uhr<br \/>\n16:00 bis 18:00 Uhr<\/p>\n<p><strong>Sonntag, <\/strong><strong>21<\/strong><strong>. Januar 2018<\/strong><br \/>\n10:00 bis 12:30 Uhr<\/p>\n<p><strong>Kosten<\/strong><br \/>\n20 (15 erm\u00e4\u00dfigt) eine Einheit,<br \/>\n35 (25 erm\u00e4\u00dfigt) Samstag,<br \/>\n45 (35 erm\u00e4\u00dfigt) der ganze LG.<\/p>\n<p>Bitte \u2013 sofern vorhanden \u2013 Tanto, Bokken &amp; Jo mitbringen!<\/p>\n<p><a href=\"http:\/\/www.aikido-zentrum-essen.de\/wp-content\/uploads\/2017\/12\/AIKIDO_Lehrgang-KP-1-2018-1.pdf\">Die Ausschreibung findet ihr hier.<\/a><\/p>\n","protected":false},"excerpt":{"rendered":"<p>Am 20. und 21. Januar 2018 findet im Aikido-Zentrum Essen\/Wuppertal ein Lehrgang mit Karsten statt. Samstag, 20. Januar 2018 12:00 bis 14:00 Uhr 16:00 bis 18:00 Uhr Sonntag, 21. Januar 2018 10:00 bis 12:30 Uhr Kosten 20 (15 erm\u00e4\u00dfigt) eine Einheit, 35 (25 erm\u00e4\u00dfigt) Samstag, 45 (35 erm\u00e4\u00dfigt) der ganze LG. Bitte \u2013 sofern vorhanden [&hellip;]<\/p>\n","protected":false},"author":4,"featured_media":0,"comment_status":"closed","ping_status":"closed","sticky":false,"template":"","format":"standard","meta":{"footnotes":""},"categories":[1],"tags":[],"class_list":["post-784","post","type-post","status-publish","format-standard","hentry","category-allgemein"],"_links":{"self":[{"href":"https:\/\/www.aikido-zentrum-essen.de\/index.php?rest_route=\/wp\/v2\/posts\/784","targetHints":{"allow":["GET"]}}],"collection":[{"href":"https:\/\/www.aikido-zentrum-essen.de\/index.php?rest_route=\/wp\/v2\/posts"}],"about":[{"href":"https:\/\/www.aikido-zentrum-essen.de\/index.php?rest_route=\/wp\/v2\/types\/post"}],"author":[{"embeddable":true,"href":"https:\/\/www.aikido-zentrum-essen.de\/index.php?rest_route=\/wp\/v2\/users\/4"}],"replies":[{"embeddable":true,"href":"https:\/\/www.aikido-zentrum-essen.de\/index.php?rest_route=%2Fwp%2Fv2%2Fcomments&post=784"}],"version-history":[{"count":1,"href":"https:\/\/www.aikido-zentrum-essen.de\/index.php?rest_route=\/wp\/v2\/posts\/784\/revisions"}],"predecessor-version":[{"id":786,"href":"https:\/\/www.aikido-zentrum-essen.de\/index.php?rest_route=\/wp\/v2\/posts\/784\/revisions\/786"}],"wp:attachment":[{"href":"https:\/\/www.aikido-zentrum-essen.de\/index.php?rest_route=%2Fwp%2Fv2%2Fmedia&parent=784"}],"wp:term":[{"taxonomy":"category","embeddable":true,"href":"https:\/\/www.aikido-zentrum-essen.de\/index.php?rest_route=%2Fwp%2Fv2%2Fcategories&post=784"},{"taxonomy":"post_tag","embeddable":true,"href":"https:\/\/www.aikido-zentrum-essen.de\/index.php?rest_route=%2Fwp%2Fv2%2Ftags&post=784"}],"curies":[{"name":"wp","href":"https:\/\/api.w.org\/{rel}","templated":true}]}}