{"id":734,"date":"2016-10-16T22:33:22","date_gmt":"2016-10-16T22:33:22","guid":{"rendered":"http:\/\/www.aikido-zentrum-essen.de\/?p=734"},"modified":"2016-10-16T22:33:22","modified_gmt":"2016-10-16T22:33:22","slug":"lehrgang-mit-karsten-prause-und-pascal-durchon-am-26-27-november-2016","status":"publish","type":"post","link":"https:\/\/www.aikido-zentrum-essen.de\/?p=734","title":{"rendered":"Lehrgang mit Karsten Prause und Pascal Durchon am 26. &#038; 27. November 2016"},"content":{"rendered":"<p>Am 26. und 27. November 2016 findet im\u00a0<em><a title=\"Homepage des Aikidojo Bochum\" href=\"http:\/\/www.aikido-bochum.de\/?page_id=236\">Aikidojo Bochum<\/a><\/em> ein Lehrgang mit Karsten und Pascal statt:<\/p>\n<p><strong>Samstag, 26<\/strong><strong>. Nov. 2016<\/strong><br \/>\n14:00 bis 16:00 Uhr (Karsten) &amp; 16:30 bis 19:00 Uhr (Karsten&amp;Pascal &#8211; Sondertraining f\u00fcr Unterrichtende!)<\/p>\n<p><strong>Sonntag, 27. Nov. 2016<\/strong><br \/>\n10:00 bis 12:30 Uhr &amp; 14:30 bis 16:30 Uhr (Pascal)<\/p>\n<p><strong>Kosten<\/strong><br \/>\npro Einheit 20,- \/ 15,- \u20ac \u00a0 \u2013 \u00a0 gesamt: 45,- \/ 35,- \u20ac<\/p>\n<p>Der Lehrgang ist gleicherma\u00dfen f\u00fcr Anf\u00e4nger und Fortgeschrittene geeignet.<\/p>\n<p>Bitte \u2013 sofern vorhanden \u2013 Tanto, Bokken &amp; Jo mitbringen!<\/p>\n<p>Die Ausschreibung findet ihr <a href=\"http:\/\/www.aikido-zentrum-essen.de\/wp-content\/uploads\/2016\/10\/Ausschreibung-Pascal-Karsten-Nov-2016-neu.pdf\">hier.<\/a><\/p>\n","protected":false},"excerpt":{"rendered":"<p>Am 26. und 27. November 2016 findet im\u00a0Aikidojo Bochum ein Lehrgang mit Karsten und Pascal statt: Samstag, 26. Nov. 2016 14:00 bis 16:00 Uhr (Karsten) &amp; 16:30 bis 19:00 Uhr (Karsten&amp;Pascal &#8211; Sondertraining f\u00fcr Unterrichtende!) Sonntag, 27. Nov. 2016 10:00 bis 12:30 Uhr &amp; 14:30 bis 16:30 Uhr (Pascal) Kosten pro Einheit 20,- \/ 15,- [&hellip;]<\/p>\n","protected":false},"author":4,"featured_media":0,"comment_status":"closed","ping_status":"closed","sticky":false,"template":"","format":"standard","meta":{"footnotes":""},"categories":[1],"tags":[],"class_list":["post-734","post","type-post","status-publish","format-standard","hentry","category-allgemein"],"_links":{"self":[{"href":"https:\/\/www.aikido-zentrum-essen.de\/index.php?rest_route=\/wp\/v2\/posts\/734","targetHints":{"allow":["GET"]}}],"collection":[{"href":"https:\/\/www.aikido-zentrum-essen.de\/index.php?rest_route=\/wp\/v2\/posts"}],"about":[{"href":"https:\/\/www.aikido-zentrum-essen.de\/index.php?rest_route=\/wp\/v2\/types\/post"}],"author":[{"embeddable":true,"href":"https:\/\/www.aikido-zentrum-essen.de\/index.php?rest_route=\/wp\/v2\/users\/4"}],"replies":[{"embeddable":true,"href":"https:\/\/www.aikido-zentrum-essen.de\/index.php?rest_route=%2Fwp%2Fv2%2Fcomments&post=734"}],"version-history":[{"count":1,"href":"https:\/\/www.aikido-zentrum-essen.de\/index.php?rest_route=\/wp\/v2\/posts\/734\/revisions"}],"predecessor-version":[{"id":736,"href":"https:\/\/www.aikido-zentrum-essen.de\/index.php?rest_route=\/wp\/v2\/posts\/734\/revisions\/736"}],"wp:attachment":[{"href":"https:\/\/www.aikido-zentrum-essen.de\/index.php?rest_route=%2Fwp%2Fv2%2Fmedia&parent=734"}],"wp:term":[{"taxonomy":"category","embeddable":true,"href":"https:\/\/www.aikido-zentrum-essen.de\/index.php?rest_route=%2Fwp%2Fv2%2Fcategories&post=734"},{"taxonomy":"post_tag","embeddable":true,"href":"https:\/\/www.aikido-zentrum-essen.de\/index.php?rest_route=%2Fwp%2Fv2%2Ftags&post=734"}],"curies":[{"name":"wp","href":"https:\/\/api.w.org\/{rel}","templated":true}]}}