{"id":187,"date":"2008-04-11T19:02:19","date_gmt":"2008-04-11T17:02:19","guid":{"rendered":"http:\/\/www.aikido-zentrum-essen.de\/?p=187"},"modified":"2008-05-01T12:21:53","modified_gmt":"2008-05-01T10:21:53","slug":"187","status":"publish","type":"post","link":"https:\/\/www.aikido-zentrum-essen.de\/?p=187","title":{"rendered":"Lehrgang mit Jean Luc Subileau, Mai 2008"},"content":{"rendered":"<p><em>Liebe Aikidokas,<\/em><\/p>\n<p><em>anbei die Ausschreibungen zum Himmelfahrts &#8211; Lehrgang in Essen &amp; Dortmund.<br \/>\n<\/em><\/p>\n<p><em>Viele Gr\u00fc\u00dfe,<\/em><\/p>\n<p><em>Karsten<\/em><\/p>\n<p><em><a title=\"lg-jlsubileau-5-08.pdf\" href=\"http:\/\/www.aikido-zentrum-essen.de\/wp-content\/uploads\/2008\/04\/lg-jlsubileau-5-08.pdf\">Lehrgangsausschreibung f\u00fcr Essen (Aikido Zentrum)<br \/>\n<\/a><\/em><\/p>\n<p><em><a title=\"aikido-dortmund-subileau-2008.pdf\" href=\"http:\/\/www.aikido-zentrum-essen.de\/wp-content\/uploads\/2008\/04\/aikido-dortmund-subileau-2008.pdf\"> Lehrgangsausschreibung f\u00fcr Dortmund (TSC Eintracht)<br \/>\n<\/a><\/em><\/p>\n","protected":false},"excerpt":{"rendered":"<p>Liebe Aikidokas, anbei die Ausschreibungen zum Himmelfahrts &#8211; Lehrgang in Essen &amp; Dortmund. Viele Gr\u00fc\u00dfe, Karsten Lehrgangsausschreibung f\u00fcr Essen (Aikido Zentrum) Lehrgangsausschreibung f\u00fcr Dortmund (TSC Eintracht)<\/p>\n","protected":false},"author":2,"featured_media":0,"comment_status":"closed","ping_status":"closed","sticky":false,"template":"","format":"standard","meta":{"footnotes":""},"categories":[4,3],"tags":[],"class_list":["post-187","post","type-post","status-publish","format-standard","hentry","category-aikido-zentrum","category-lehrgang"],"_links":{"self":[{"href":"https:\/\/www.aikido-zentrum-essen.de\/index.php?rest_route=\/wp\/v2\/posts\/187","targetHints":{"allow":["GET"]}}],"collection":[{"href":"https:\/\/www.aikido-zentrum-essen.de\/index.php?rest_route=\/wp\/v2\/posts"}],"about":[{"href":"https:\/\/www.aikido-zentrum-essen.de\/index.php?rest_route=\/wp\/v2\/types\/post"}],"author":[{"embeddable":true,"href":"https:\/\/www.aikido-zentrum-essen.de\/index.php?rest_route=\/wp\/v2\/users\/2"}],"replies":[{"embeddable":true,"href":"https:\/\/www.aikido-zentrum-essen.de\/index.php?rest_route=%2Fwp%2Fv2%2Fcomments&post=187"}],"version-history":[{"count":0,"href":"https:\/\/www.aikido-zentrum-essen.de\/index.php?rest_route=\/wp\/v2\/posts\/187\/revisions"}],"wp:attachment":[{"href":"https:\/\/www.aikido-zentrum-essen.de\/index.php?rest_route=%2Fwp%2Fv2%2Fmedia&parent=187"}],"wp:term":[{"taxonomy":"category","embeddable":true,"href":"https:\/\/www.aikido-zentrum-essen.de\/index.php?rest_route=%2Fwp%2Fv2%2Fcategories&post=187"},{"taxonomy":"post_tag","embeddable":true,"href":"https:\/\/www.aikido-zentrum-essen.de\/index.php?rest_route=%2Fwp%2Fv2%2Ftags&post=187"}],"curies":[{"name":"wp","href":"https:\/\/api.w.org\/{rel}","templated":true}]}}